{"id":1875,"date":"2024-07-01T14:22:06","date_gmt":"2024-07-01T14:22:06","guid":{"rendered":"https:\/\/chave.cec.es\/?p=1875"},"modified":"2025-02-10T14:24:51","modified_gmt":"2025-02-10T14:24:51","slug":"comeza-o-plan-laboral-cec-2024","status":"publish","type":"post","link":"https:\/\/chave.cec.es\/index.php\/2024\/07\/01\/comeza-o-plan-laboral-cec-2024\/","title":{"rendered":"Comeza o Plan Laboral CEC 2024"},"content":{"rendered":"<p>Est\u00e1s desempregado\/a? Esta \u00e9 a t\u00faa oportunidade: comezamos a selecci\u00f3n dos\/das 30 beneficiarios\/as da nova edici\u00f3n do Plan laboral CEC Coru\u00f1a 2024.<\/p>\n<p><a href=\"https:\/\/chave.cec.es\/index.php\/contactar\/\"><img loading=\"lazy\" decoding=\"async\" class=\"aligncenter wp-image-1328 size-full\" src=\"https:\/\/chave.cec.es\/wp-content\/uploads\/2020\/09\/inscribete.jpg\" alt=\"Inscripci\u00f3n online al Plan Laboral CEC\" width=\"500\" height=\"106\" srcset=\"https:\/\/chave.cec.es\/wp-content\/uploads\/2020\/09\/inscribete.jpg 500w, https:\/\/chave.cec.es\/wp-content\/uploads\/2020\/09\/inscribete-300x64.jpg 300w\" sizes=\"auto, (max-width: 500px) 100vw, 500px\" \/><\/a><\/p>\n","protected":false},"excerpt":{"rendered":"<p>Est\u00e1s desempregado\/a? Esta \u00e9 a t\u00faa oportunidade: comezamos a selecci\u00f3n dos\/das 30 beneficiarios\/as da nova edici\u00f3n do Plan laboral CEC [&hellip;]<\/p>\n","protected":false},"author":1,"featured_media":693,"comment_status":"open","ping_status":"open","sticky":false,"template":"","format":"standard","meta":{"footnotes":""},"categories":[2],"tags":[],"class_list":["post-1875","post","type-post","status-publish","format-standard","has-post-thumbnail","hentry","category-blog"],"_links":{"self":[{"href":"https:\/\/chave.cec.es\/index.php\/wp-json\/wp\/v2\/posts\/1875","targetHints":{"allow":["GET"]}}],"collection":[{"href":"https:\/\/chave.cec.es\/index.php\/wp-json\/wp\/v2\/posts"}],"about":[{"href":"https:\/\/chave.cec.es\/index.php\/wp-json\/wp\/v2\/types\/post"}],"author":[{"embeddable":true,"href":"https:\/\/chave.cec.es\/index.php\/wp-json\/wp\/v2\/users\/1"}],"replies":[{"embeddable":true,"href":"https:\/\/chave.cec.es\/index.php\/wp-json\/wp\/v2\/comments?post=1875"}],"version-history":[{"count":2,"href":"https:\/\/chave.cec.es\/index.php\/wp-json\/wp\/v2\/posts\/1875\/revisions"}],"predecessor-version":[{"id":1877,"href":"https:\/\/chave.cec.es\/index.php\/wp-json\/wp\/v2\/posts\/1875\/revisions\/1877"}],"wp:featuredmedia":[{"embeddable":true,"href":"https:\/\/chave.cec.es\/index.php\/wp-json\/wp\/v2\/media\/693"}],"wp:attachment":[{"href":"https:\/\/chave.cec.es\/index.php\/wp-json\/wp\/v2\/media?parent=1875"}],"wp:term":[{"taxonomy":"category","embeddable":true,"href":"https:\/\/chave.cec.es\/index.php\/wp-json\/wp\/v2\/categories?post=1875"},{"taxonomy":"post_tag","embeddable":true,"href":"https:\/\/chave.cec.es\/index.php\/wp-json\/wp\/v2\/tags?post=1875"}],"curies":[{"name":"wp","href":"https:\/\/api.w.org\/{rel}","templated":true}]}}